{"id":11386,"date":"2024-06-10T08:00:49","date_gmt":"2024-06-10T07:00:49","guid":{"rendered":"https:\/\/www.staayfoodgroup.com\/?p=11386"},"modified":"2024-06-07T15:05:19","modified_gmt":"2024-06-07T14:05:19","slug":"uebernahme-westende-fruitteelt-durch-staay-food-group","status":"publish","type":"post","link":"https:\/\/www.staayfoodgroup.com\/de\/uebernahme-westende-fruitteelt-durch-staay-food-group\/","title":{"rendered":"\u00dcbernahme Westende Fruitteelt durch Staay Food Group"},"content":{"rendered":"<p>Die Staay Food Group weitet mit der \u00dcbernahme von Westende Fruitteelt b.v. in Fijnaart ihre Anbaufl\u00e4chen erheblich aus. Westende Fruitteelt ist mit 135\u00a0ha Obstanlagen einer der gr\u00f6\u00dften Birnenerzeuger in den Niederlanden. Der Betrieb wurde vor fast 50 Jahren von J. van \u2019t Westende gegr\u00fcndet und danach von seinen 3 Kindern weitergef\u00fchrt.<\/p>\n<p>Neben u.\u00a0a. Conference und Doyenne du Comice werden auch 2 der 3 exklusiven Staay-Clubsorten, Dazzling Gold und Red Conference, angebaut. Westende hat rund 25 fest angestellte Mitarbeiter. Rund um die Ernte kommen weitere rund 400 Saisonarbeiter hinzu.<\/p>\n<p>Mit der \u00dcbernahme festigt die Staay Food Group ihre Stellung an der Spitze des niederl\u00e4ndischen Kernobstanbaus. Au\u00dferdem unterstreicht das Unternehmen damit aufs Neue seine Vision einer k\u00fcrzeren Lieferkette u.\u00a0a. durch mehr eigenen Anbau. Der Fokus ist dabei auf die Bereiche Kernobst, Steinobst, Melonen\/Ananas und Gew\u00e4chshaus- sowie Blattgem\u00fcse gerichtet. Die Staay Food Group verf\u00fcgt \u00fcber eigene Anbaufl\u00e4chen in den Niederlanden, Spanien, Costa Rica und Brasilien.<\/p>\n","protected":false},"excerpt":{"rendered":"Die Staay Food Group weitet mit der \u00dcbernahme von Westende Fruitteelt b.v. in Fijnaart ihre Anbaufl\u00e4chen erheblich aus. Westende Fruitteelt ist mit 135\u00a0ha Obstanlagen einer der gr\u00f6\u00dften Birnenerzeuger in den Niederlanden. Der Betrieb wurde vor fast 50 Jahren von J. van \u2019t Westende gegr\u00fcndet und danach von seinen 3 Kindern weitergef\u00fchrt. Neben u.\u00a0a. Conference und [&hellip;]","protected":false},"author":3,"featured_media":0,"comment_status":"closed","ping_status":"closed","sticky":false,"template":"","format":"standard","meta":{"_acf_changed":false,"inline_featured_image":false,"footnotes":""},"categories":[327,83,85,61],"tags":[],"class_list":["post-11386","post","type-post","status-publish","format-standard","hentry","category-convenience","category-foodservice-de","category-grosshandel","category-unkategorisiert"],"acf":[],"yoast_head":"<!-- This site is optimized with the Yoast SEO plugin v27.1.1 - https:\/\/yoast.com\/product\/yoast-seo-wordpress\/ -->\n<title>\u00dcbernahme Westende Fruitteelt durch Staay Food Group - Staay Food Group<\/title>\n<meta name=\"description\" content=\"Die spanische Sommerfruchtsaison beginnt dieses Jahr fr\u00fch. Wir erwarten Steinobst und Melonen in hoher Qualit\u00e4t und in guten Mengen.\" \/>\n<meta name=\"robots\" content=\"index, follow, max-snippet:-1, max-image-preview:large, max-video-preview:-1\" \/>\n<link rel=\"canonical\" href=\"https:\/\/www.staayfoodgroup.com\/de\/uebernahme-westende-fruitteelt-durch-staay-food-group\/\" \/>\n<meta property=\"og:locale\" content=\"de_DE\" \/>\n<meta property=\"og:type\" content=\"article\" \/>\n<meta property=\"og:title\" content=\"\u00dcbernahme Westende Fruitteelt durch Staay Food Group - Staay Food Group\" \/>\n<meta property=\"og:description\" content=\"Die spanische Sommerfruchtsaison beginnt dieses Jahr fr\u00fch. Wir erwarten Steinobst und Melonen in hoher Qualit\u00e4t und in guten Mengen.\" \/>\n<meta property=\"og:url\" content=\"https:\/\/www.staayfoodgroup.com\/de\/uebernahme-westende-fruitteelt-durch-staay-food-group\/\" \/>\n<meta property=\"og:site_name\" content=\"Staay Food Group\" \/>\n<meta property=\"article:published_time\" content=\"2024-06-10T07:00:49+00:00\" \/>\n<meta name=\"author\" content=\"Mark Loojenga\" \/>\n<meta name=\"twitter:card\" content=\"summary_large_image\" \/>\n<meta name=\"twitter:label1\" content=\"Verfasst von\" \/>\n\t<meta name=\"twitter:data1\" content=\"Mark Loojenga\" \/>\n\t<meta name=\"twitter:label2\" content=\"Gesch\u00e4tzte Lesezeit\" \/>\n\t<meta name=\"twitter:data2\" content=\"2\u00a0Minuten\" \/>\n<script type=\"application\/ld+json\" class=\"yoast-schema-graph\">{\"@context\":\"https:\/\/schema.org\",\"@graph\":[{\"@type\":\"Article\",\"@id\":\"https:\/\/www.staayfoodgroup.com\/de\/uebernahme-westende-fruitteelt-durch-staay-food-group\/#article\",\"isPartOf\":{\"@id\":\"https:\/\/www.staayfoodgroup.com\/de\/uebernahme-westende-fruitteelt-durch-staay-food-group\/\"},\"author\":{\"name\":\"Mark Loojenga\",\"@id\":\"https:\/\/www.staayfoodgroup.com\/de\/#\/schema\/person\/9284a21ad7f562186665c045661d39c7\"},\"headline\":\"\u00dcbernahme Westende Fruitteelt durch Staay Food Group\",\"datePublished\":\"2024-06-10T07:00:49+00:00\",\"mainEntityOfPage\":{\"@id\":\"https:\/\/www.staayfoodgroup.com\/de\/uebernahme-westende-fruitteelt-durch-staay-food-group\/\"},\"wordCount\":168,\"articleSection\":[\"Convenience\",\"Foodservice\",\"Gro\u00dfhandel\",\"Unkategorisiert\"],\"inLanguage\":\"de\"},{\"@type\":\"WebPage\",\"@id\":\"https:\/\/www.staayfoodgroup.com\/de\/uebernahme-westende-fruitteelt-durch-staay-food-group\/\",\"url\":\"https:\/\/www.staayfoodgroup.com\/de\/uebernahme-westende-fruitteelt-durch-staay-food-group\/\",\"name\":\"\u00dcbernahme Westende Fruitteelt durch Staay Food Group - Staay Food Group\",\"isPartOf\":{\"@id\":\"https:\/\/www.staayfoodgroup.com\/de\/#website\"},\"datePublished\":\"2024-06-10T07:00:49+00:00\",\"author\":{\"@id\":\"https:\/\/www.staayfoodgroup.com\/de\/#\/schema\/person\/9284a21ad7f562186665c045661d39c7\"},\"description\":\"Die spanische Sommerfruchtsaison beginnt dieses Jahr fr\u00fch. Wir erwarten Steinobst und Melonen in hoher Qualit\u00e4t und in guten Mengen.\",\"breadcrumb\":{\"@id\":\"https:\/\/www.staayfoodgroup.com\/de\/uebernahme-westende-fruitteelt-durch-staay-food-group\/#breadcrumb\"},\"inLanguage\":\"de\",\"potentialAction\":[{\"@type\":\"ReadAction\",\"target\":[\"https:\/\/www.staayfoodgroup.com\/de\/uebernahme-westende-fruitteelt-durch-staay-food-group\/\"]}]},{\"@type\":\"BreadcrumbList\",\"@id\":\"https:\/\/www.staayfoodgroup.com\/de\/uebernahme-westende-fruitteelt-durch-staay-food-group\/#breadcrumb\",\"itemListElement\":[{\"@type\":\"ListItem\",\"position\":1,\"name\":\"Home\",\"item\":\"https:\/\/www.staayfoodgroup.com\/de\/\"},{\"@type\":\"ListItem\",\"position\":2,\"name\":\"\u00dcbernahme Westende Fruitteelt durch Staay Food Group\"}]},{\"@type\":\"WebSite\",\"@id\":\"https:\/\/www.staayfoodgroup.com\/de\/#website\",\"url\":\"https:\/\/www.staayfoodgroup.com\/de\/\",\"name\":\"Staay Food Group\",\"description\":\"\",\"potentialAction\":[{\"@type\":\"SearchAction\",\"target\":{\"@type\":\"EntryPoint\",\"urlTemplate\":\"https:\/\/www.staayfoodgroup.com\/de\/?s={search_term_string}\"},\"query-input\":{\"@type\":\"PropertyValueSpecification\",\"valueRequired\":true,\"valueName\":\"search_term_string\"}}],\"inLanguage\":\"de\"},{\"@type\":\"Person\",\"@id\":\"https:\/\/www.staayfoodgroup.com\/de\/#\/schema\/person\/9284a21ad7f562186665c045661d39c7\",\"name\":\"Mark Loojenga\",\"url\":\"https:\/\/www.staayfoodgroup.com\/de\/author\/mark-loojenga\/\"}]}<\/script>\n<!-- \/ Yoast SEO plugin. -->","yoast_head_json":{"title":"\u00dcbernahme Westende Fruitteelt durch Staay Food Group - Staay Food Group","description":"Die spanische Sommerfruchtsaison beginnt dieses Jahr fr\u00fch. Wir erwarten Steinobst und Melonen in hoher Qualit\u00e4t und in guten Mengen.","robots":{"index":"index","follow":"follow","max-snippet":"max-snippet:-1","max-image-preview":"max-image-preview:large","max-video-preview":"max-video-preview:-1"},"canonical":"https:\/\/www.staayfoodgroup.com\/de\/uebernahme-westende-fruitteelt-durch-staay-food-group\/","og_locale":"de_DE","og_type":"article","og_title":"\u00dcbernahme Westende Fruitteelt durch Staay Food Group - Staay Food Group","og_description":"Die spanische Sommerfruchtsaison beginnt dieses Jahr fr\u00fch. Wir erwarten Steinobst und Melonen in hoher Qualit\u00e4t und in guten Mengen.","og_url":"https:\/\/www.staayfoodgroup.com\/de\/uebernahme-westende-fruitteelt-durch-staay-food-group\/","og_site_name":"Staay Food Group","article_published_time":"2024-06-10T07:00:49+00:00","author":"Mark Loojenga","twitter_card":"summary_large_image","twitter_misc":{"Verfasst von":"Mark Loojenga","Gesch\u00e4tzte Lesezeit":"2\u00a0Minuten"},"schema":{"@context":"https:\/\/schema.org","@graph":[{"@type":"Article","@id":"https:\/\/www.staayfoodgroup.com\/de\/uebernahme-westende-fruitteelt-durch-staay-food-group\/#article","isPartOf":{"@id":"https:\/\/www.staayfoodgroup.com\/de\/uebernahme-westende-fruitteelt-durch-staay-food-group\/"},"author":{"name":"Mark Loojenga","@id":"https:\/\/www.staayfoodgroup.com\/de\/#\/schema\/person\/9284a21ad7f562186665c045661d39c7"},"headline":"\u00dcbernahme Westende Fruitteelt durch Staay Food Group","datePublished":"2024-06-10T07:00:49+00:00","mainEntityOfPage":{"@id":"https:\/\/www.staayfoodgroup.com\/de\/uebernahme-westende-fruitteelt-durch-staay-food-group\/"},"wordCount":168,"articleSection":["Convenience","Foodservice","Gro\u00dfhandel","Unkategorisiert"],"inLanguage":"de"},{"@type":"WebPage","@id":"https:\/\/www.staayfoodgroup.com\/de\/uebernahme-westende-fruitteelt-durch-staay-food-group\/","url":"https:\/\/www.staayfoodgroup.com\/de\/uebernahme-westende-fruitteelt-durch-staay-food-group\/","name":"\u00dcbernahme Westende Fruitteelt durch Staay Food Group - Staay Food Group","isPartOf":{"@id":"https:\/\/www.staayfoodgroup.com\/de\/#website"},"datePublished":"2024-06-10T07:00:49+00:00","author":{"@id":"https:\/\/www.staayfoodgroup.com\/de\/#\/schema\/person\/9284a21ad7f562186665c045661d39c7"},"description":"Die spanische Sommerfruchtsaison beginnt dieses Jahr fr\u00fch. Wir erwarten Steinobst und Melonen in hoher Qualit\u00e4t und in guten Mengen.","breadcrumb":{"@id":"https:\/\/www.staayfoodgroup.com\/de\/uebernahme-westende-fruitteelt-durch-staay-food-group\/#breadcrumb"},"inLanguage":"de","potentialAction":[{"@type":"ReadAction","target":["https:\/\/www.staayfoodgroup.com\/de\/uebernahme-westende-fruitteelt-durch-staay-food-group\/"]}]},{"@type":"BreadcrumbList","@id":"https:\/\/www.staayfoodgroup.com\/de\/uebernahme-westende-fruitteelt-durch-staay-food-group\/#breadcrumb","itemListElement":[{"@type":"ListItem","position":1,"name":"Home","item":"https:\/\/www.staayfoodgroup.com\/de\/"},{"@type":"ListItem","position":2,"name":"\u00dcbernahme Westende Fruitteelt durch Staay Food Group"}]},{"@type":"WebSite","@id":"https:\/\/www.staayfoodgroup.com\/de\/#website","url":"https:\/\/www.staayfoodgroup.com\/de\/","name":"Staay Food Group","description":"","potentialAction":[{"@type":"SearchAction","target":{"@type":"EntryPoint","urlTemplate":"https:\/\/www.staayfoodgroup.com\/de\/?s={search_term_string}"},"query-input":{"@type":"PropertyValueSpecification","valueRequired":true,"valueName":"search_term_string"}}],"inLanguage":"de"},{"@type":"Person","@id":"https:\/\/www.staayfoodgroup.com\/de\/#\/schema\/person\/9284a21ad7f562186665c045661d39c7","name":"Mark Loojenga","url":"https:\/\/www.staayfoodgroup.com\/de\/author\/mark-loojenga\/"}]}},"_links":{"self":[{"href":"https:\/\/www.staayfoodgroup.com\/de\/wp-json\/wp\/v2\/posts\/11386","targetHints":{"allow":["GET"]}}],"collection":[{"href":"https:\/\/www.staayfoodgroup.com\/de\/wp-json\/wp\/v2\/posts"}],"about":[{"href":"https:\/\/www.staayfoodgroup.com\/de\/wp-json\/wp\/v2\/types\/post"}],"author":[{"embeddable":true,"href":"https:\/\/www.staayfoodgroup.com\/de\/wp-json\/wp\/v2\/users\/3"}],"replies":[{"embeddable":true,"href":"https:\/\/www.staayfoodgroup.com\/de\/wp-json\/wp\/v2\/comments?post=11386"}],"version-history":[{"count":3,"href":"https:\/\/www.staayfoodgroup.com\/de\/wp-json\/wp\/v2\/posts\/11386\/revisions"}],"predecessor-version":[{"id":11429,"href":"https:\/\/www.staayfoodgroup.com\/de\/wp-json\/wp\/v2\/posts\/11386\/revisions\/11429"}],"wp:attachment":[{"href":"https:\/\/www.staayfoodgroup.com\/de\/wp-json\/wp\/v2\/media?parent=11386"}],"wp:term":[{"taxonomy":"category","embeddable":true,"href":"https:\/\/www.staayfoodgroup.com\/de\/wp-json\/wp\/v2\/categories?post=11386"},{"taxonomy":"post_tag","embeddable":true,"href":"https:\/\/www.staayfoodgroup.com\/de\/wp-json\/wp\/v2\/tags?post=11386"}],"curies":[{"name":"wp","href":"https:\/\/api.w.org\/{rel}","templated":true}]}}