{"id":9663,"date":"2024-01-15T11:00:45","date_gmt":"2024-01-15T10:00:45","guid":{"rendered":"https:\/\/www.staayfoodgroup.com\/aenderungen-in-der-geschaeftsfuehrung\/"},"modified":"2024-01-15T11:00:45","modified_gmt":"2024-01-15T10:00:45","slug":"aenderungen-in-der-geschaeftsfuehrung","status":"publish","type":"post","link":"https:\/\/www.staayfoodgroup.com\/de\/aenderungen-in-der-geschaeftsfuehrung\/","title":{"rendered":"\u00c4nderungen in der Gesch\u00e4ftsf\u00fchrung"},"content":{"rendered":"<p>Michiel Geraedts, Niederlassungsleiter der Staay Food Group Venlo, ist in die Gesch\u00e4ftsf\u00fchrung der Staay Food Group eingetreten. Die vor zwei Jahren begonnene Verj\u00fcngungskur wird damit fortgesetzt.<\/p>\n<p>Michiel Geraedts (45) ist seit 2021 als Niederlassungsleiter Staay Food Group Venlo bei der Staay Food Group t\u00e4tig. Diese Niederlassung setzt den Schwerpunkt auf Kunden aus dem deutschen Foodservice, Einzel- und Gro\u00dfhandel. Michiel hat diesen Standort in den vergangenen zwei Jahren \u00fcberzeugend reorganisiert. \u201eIch bin sehr stolz auf das, was wir mit unserem Team in Venlo erreicht haben, und freue mich schon auf meine neue Rolle in der Gesch\u00e4ftsf\u00fchrung der Staay Food Group.\u201c Neben dieser neuen Funktion bleibt Michiel Niederlassungsleiter der Staay Food Group in Venlo.<\/p>\n<p>Dammis van der Staay (70) zieht sich aus dem Tagesgesch\u00e4ft zur\u00fcck und wird st\u00e4rker eine beratende Funktion einnehmen. Er ist bereits seit den 1960er Jahren im Unternehmen t\u00e4tig, das von seinem Vater 1946 gegr\u00fcndet wurde. \u201eIch bin zufrieden, wie das Leitungsteam in der letzten Zeit die Gesch\u00e4fte gef\u00fchrt hat. Ich blicke mit Zuversicht in die Zukunft und denke, dass dies ein guter Zeitpunkt ist, um mich aus dem Tagesgesch\u00e4ft unseres Familienunternehmens zur\u00fcckzuziehen.\u201c Dammis bleibt in beratender Funktion Mitglied der Gesch\u00e4ftsf\u00fchrung.<\/p>\n<p>Diese besteht nun aus Matthijs Vlasblom, Rien Panneman, Michiel Geraedts, Wim van der Staay, Joop Vernooij und Dammis van der Staay.<\/p>\n<p>&nbsp;<\/p>\n","protected":false},"excerpt":{"rendered":"Michiel Geraedts, Niederlassungsleiter der Staay Food Group Venlo, ist in die Gesch\u00e4ftsf\u00fchrung der Staay Food Group eingetreten. Die vor zwei Jahren begonnene Verj\u00fcngungskur wird damit fortgesetzt. Michiel Geraedts (45) ist seit 2021 als Niederlassungsleiter Staay Food Group Venlo bei der Staay Food Group t\u00e4tig. Diese Niederlassung setzt den Schwerpunkt auf Kunden aus dem deutschen Foodservice, [&hellip;]","protected":false},"author":3,"featured_media":0,"comment_status":"open","ping_status":"open","sticky":false,"template":"","format":"standard","meta":{"_acf_changed":false,"inline_featured_image":false,"footnotes":""},"categories":[327,83,85,333,334,61],"tags":[],"class_list":["post-9663","post","type-post","status-publish","format-standard","hentry","category-convenience","category-foodservice-de","category-grosshandel","category-nachhaltigkeit","category-qualitaet","category-unkategorisiert"],"acf":[],"yoast_head":"<!-- This site is optimized with the Yoast SEO plugin v27.1.1 - https:\/\/yoast.com\/product\/yoast-seo-wordpress\/ -->\n<title>\u00c4nderungen in der Gesch\u00e4ftsf\u00fchrung - Staay Food Group<\/title>\n<meta name=\"description\" content=\"Dammis van der Staay macht einen Schritt zur\u00fcck und ist nun st\u00e4rker in beratender Funktion aktiv. Michiel Geraedts tritt neu in die Gesch\u00e4ftsf\u00fchrung ein.\" \/>\n<meta name=\"robots\" content=\"index, follow, max-snippet:-1, max-image-preview:large, max-video-preview:-1\" \/>\n<link rel=\"canonical\" href=\"https:\/\/www.staayfoodgroup.com\/de\/aenderungen-in-der-geschaeftsfuehrung\/\" \/>\n<meta property=\"og:locale\" content=\"de_DE\" \/>\n<meta property=\"og:type\" content=\"article\" \/>\n<meta property=\"og:title\" content=\"\u00c4nderungen in der Gesch\u00e4ftsf\u00fchrung - Staay Food Group\" \/>\n<meta property=\"og:description\" content=\"Dammis van der Staay macht einen Schritt zur\u00fcck und ist nun st\u00e4rker in beratender Funktion aktiv. Michiel Geraedts tritt neu in die Gesch\u00e4ftsf\u00fchrung ein.\" \/>\n<meta property=\"og:url\" content=\"https:\/\/www.staayfoodgroup.com\/de\/aenderungen-in-der-geschaeftsfuehrung\/\" \/>\n<meta property=\"og:site_name\" content=\"Staay Food Group\" \/>\n<meta property=\"article:published_time\" content=\"2024-01-15T10:00:45+00:00\" \/>\n<meta name=\"author\" content=\"Mark Loojenga\" \/>\n<meta name=\"twitter:card\" content=\"summary_large_image\" \/>\n<meta name=\"twitter:label1\" content=\"Verfasst von\" \/>\n\t<meta name=\"twitter:data1\" content=\"Mark Loojenga\" \/>\n\t<meta name=\"twitter:label2\" content=\"Gesch\u00e4tzte Lesezeit\" \/>\n\t<meta name=\"twitter:data2\" content=\"1\u00a0Minute\" \/>\n<script type=\"application\/ld+json\" class=\"yoast-schema-graph\">{\"@context\":\"https:\/\/schema.org\",\"@graph\":[{\"@type\":\"Article\",\"@id\":\"https:\/\/www.staayfoodgroup.com\/de\/aenderungen-in-der-geschaeftsfuehrung\/#article\",\"isPartOf\":{\"@id\":\"https:\/\/www.staayfoodgroup.com\/de\/aenderungen-in-der-geschaeftsfuehrung\/\"},\"author\":{\"name\":\"Mark Loojenga\",\"@id\":\"https:\/\/www.staayfoodgroup.com\/de\/#\/schema\/person\/9284a21ad7f562186665c045661d39c7\"},\"headline\":\"\u00c4nderungen in der Gesch\u00e4ftsf\u00fchrung\",\"datePublished\":\"2024-01-15T10:00:45+00:00\",\"mainEntityOfPage\":{\"@id\":\"https:\/\/www.staayfoodgroup.com\/de\/aenderungen-in-der-geschaeftsfuehrung\/\"},\"wordCount\":234,\"commentCount\":0,\"articleSection\":[\"Convenience\",\"Foodservice\",\"Gro\u00dfhandel\",\"Nachhaltigkeit\",\"Qualit\u00e4t\",\"Unkategorisiert\"],\"inLanguage\":\"de\",\"potentialAction\":[{\"@type\":\"CommentAction\",\"name\":\"Comment\",\"target\":[\"https:\/\/www.staayfoodgroup.com\/de\/aenderungen-in-der-geschaeftsfuehrung\/#respond\"]}]},{\"@type\":\"WebPage\",\"@id\":\"https:\/\/www.staayfoodgroup.com\/de\/aenderungen-in-der-geschaeftsfuehrung\/\",\"url\":\"https:\/\/www.staayfoodgroup.com\/de\/aenderungen-in-der-geschaeftsfuehrung\/\",\"name\":\"\u00c4nderungen in der Gesch\u00e4ftsf\u00fchrung - Staay Food Group\",\"isPartOf\":{\"@id\":\"https:\/\/www.staayfoodgroup.com\/de\/#website\"},\"datePublished\":\"2024-01-15T10:00:45+00:00\",\"author\":{\"@id\":\"https:\/\/www.staayfoodgroup.com\/de\/#\/schema\/person\/9284a21ad7f562186665c045661d39c7\"},\"description\":\"Dammis van der Staay macht einen Schritt zur\u00fcck und ist nun st\u00e4rker in beratender Funktion aktiv. Michiel Geraedts tritt neu in die Gesch\u00e4ftsf\u00fchrung ein.\",\"breadcrumb\":{\"@id\":\"https:\/\/www.staayfoodgroup.com\/de\/aenderungen-in-der-geschaeftsfuehrung\/#breadcrumb\"},\"inLanguage\":\"de\",\"potentialAction\":[{\"@type\":\"ReadAction\",\"target\":[\"https:\/\/www.staayfoodgroup.com\/de\/aenderungen-in-der-geschaeftsfuehrung\/\"]}]},{\"@type\":\"BreadcrumbList\",\"@id\":\"https:\/\/www.staayfoodgroup.com\/de\/aenderungen-in-der-geschaeftsfuehrung\/#breadcrumb\",\"itemListElement\":[{\"@type\":\"ListItem\",\"position\":1,\"name\":\"Home\",\"item\":\"https:\/\/www.staayfoodgroup.com\/de\/\"},{\"@type\":\"ListItem\",\"position\":2,\"name\":\"\u00c4nderungen in der Gesch\u00e4ftsf\u00fchrung\"}]},{\"@type\":\"WebSite\",\"@id\":\"https:\/\/www.staayfoodgroup.com\/de\/#website\",\"url\":\"https:\/\/www.staayfoodgroup.com\/de\/\",\"name\":\"Staay Food Group\",\"description\":\"\",\"potentialAction\":[{\"@type\":\"SearchAction\",\"target\":{\"@type\":\"EntryPoint\",\"urlTemplate\":\"https:\/\/www.staayfoodgroup.com\/de\/?s={search_term_string}\"},\"query-input\":{\"@type\":\"PropertyValueSpecification\",\"valueRequired\":true,\"valueName\":\"search_term_string\"}}],\"inLanguage\":\"de\"},{\"@type\":\"Person\",\"@id\":\"https:\/\/www.staayfoodgroup.com\/de\/#\/schema\/person\/9284a21ad7f562186665c045661d39c7\",\"name\":\"Mark Loojenga\",\"url\":\"https:\/\/www.staayfoodgroup.com\/de\/author\/mark-loojenga\/\"}]}<\/script>\n<!-- \/ Yoast SEO plugin. -->","yoast_head_json":{"title":"\u00c4nderungen in der Gesch\u00e4ftsf\u00fchrung - Staay Food Group","description":"Dammis van der Staay macht einen Schritt zur\u00fcck und ist nun st\u00e4rker in beratender Funktion aktiv. Michiel Geraedts tritt neu in die Gesch\u00e4ftsf\u00fchrung ein.","robots":{"index":"index","follow":"follow","max-snippet":"max-snippet:-1","max-image-preview":"max-image-preview:large","max-video-preview":"max-video-preview:-1"},"canonical":"https:\/\/www.staayfoodgroup.com\/de\/aenderungen-in-der-geschaeftsfuehrung\/","og_locale":"de_DE","og_type":"article","og_title":"\u00c4nderungen in der Gesch\u00e4ftsf\u00fchrung - Staay Food Group","og_description":"Dammis van der Staay macht einen Schritt zur\u00fcck und ist nun st\u00e4rker in beratender Funktion aktiv. Michiel Geraedts tritt neu in die Gesch\u00e4ftsf\u00fchrung ein.","og_url":"https:\/\/www.staayfoodgroup.com\/de\/aenderungen-in-der-geschaeftsfuehrung\/","og_site_name":"Staay Food Group","article_published_time":"2024-01-15T10:00:45+00:00","author":"Mark Loojenga","twitter_card":"summary_large_image","twitter_misc":{"Verfasst von":"Mark Loojenga","Gesch\u00e4tzte Lesezeit":"1\u00a0Minute"},"schema":{"@context":"https:\/\/schema.org","@graph":[{"@type":"Article","@id":"https:\/\/www.staayfoodgroup.com\/de\/aenderungen-in-der-geschaeftsfuehrung\/#article","isPartOf":{"@id":"https:\/\/www.staayfoodgroup.com\/de\/aenderungen-in-der-geschaeftsfuehrung\/"},"author":{"name":"Mark Loojenga","@id":"https:\/\/www.staayfoodgroup.com\/de\/#\/schema\/person\/9284a21ad7f562186665c045661d39c7"},"headline":"\u00c4nderungen in der Gesch\u00e4ftsf\u00fchrung","datePublished":"2024-01-15T10:00:45+00:00","mainEntityOfPage":{"@id":"https:\/\/www.staayfoodgroup.com\/de\/aenderungen-in-der-geschaeftsfuehrung\/"},"wordCount":234,"commentCount":0,"articleSection":["Convenience","Foodservice","Gro\u00dfhandel","Nachhaltigkeit","Qualit\u00e4t","Unkategorisiert"],"inLanguage":"de","potentialAction":[{"@type":"CommentAction","name":"Comment","target":["https:\/\/www.staayfoodgroup.com\/de\/aenderungen-in-der-geschaeftsfuehrung\/#respond"]}]},{"@type":"WebPage","@id":"https:\/\/www.staayfoodgroup.com\/de\/aenderungen-in-der-geschaeftsfuehrung\/","url":"https:\/\/www.staayfoodgroup.com\/de\/aenderungen-in-der-geschaeftsfuehrung\/","name":"\u00c4nderungen in der Gesch\u00e4ftsf\u00fchrung - Staay Food Group","isPartOf":{"@id":"https:\/\/www.staayfoodgroup.com\/de\/#website"},"datePublished":"2024-01-15T10:00:45+00:00","author":{"@id":"https:\/\/www.staayfoodgroup.com\/de\/#\/schema\/person\/9284a21ad7f562186665c045661d39c7"},"description":"Dammis van der Staay macht einen Schritt zur\u00fcck und ist nun st\u00e4rker in beratender Funktion aktiv. Michiel Geraedts tritt neu in die Gesch\u00e4ftsf\u00fchrung ein.","breadcrumb":{"@id":"https:\/\/www.staayfoodgroup.com\/de\/aenderungen-in-der-geschaeftsfuehrung\/#breadcrumb"},"inLanguage":"de","potentialAction":[{"@type":"ReadAction","target":["https:\/\/www.staayfoodgroup.com\/de\/aenderungen-in-der-geschaeftsfuehrung\/"]}]},{"@type":"BreadcrumbList","@id":"https:\/\/www.staayfoodgroup.com\/de\/aenderungen-in-der-geschaeftsfuehrung\/#breadcrumb","itemListElement":[{"@type":"ListItem","position":1,"name":"Home","item":"https:\/\/www.staayfoodgroup.com\/de\/"},{"@type":"ListItem","position":2,"name":"\u00c4nderungen in der Gesch\u00e4ftsf\u00fchrung"}]},{"@type":"WebSite","@id":"https:\/\/www.staayfoodgroup.com\/de\/#website","url":"https:\/\/www.staayfoodgroup.com\/de\/","name":"Staay Food Group","description":"","potentialAction":[{"@type":"SearchAction","target":{"@type":"EntryPoint","urlTemplate":"https:\/\/www.staayfoodgroup.com\/de\/?s={search_term_string}"},"query-input":{"@type":"PropertyValueSpecification","valueRequired":true,"valueName":"search_term_string"}}],"inLanguage":"de"},{"@type":"Person","@id":"https:\/\/www.staayfoodgroup.com\/de\/#\/schema\/person\/9284a21ad7f562186665c045661d39c7","name":"Mark Loojenga","url":"https:\/\/www.staayfoodgroup.com\/de\/author\/mark-loojenga\/"}]}},"_links":{"self":[{"href":"https:\/\/www.staayfoodgroup.com\/de\/wp-json\/wp\/v2\/posts\/9663","targetHints":{"allow":["GET"]}}],"collection":[{"href":"https:\/\/www.staayfoodgroup.com\/de\/wp-json\/wp\/v2\/posts"}],"about":[{"href":"https:\/\/www.staayfoodgroup.com\/de\/wp-json\/wp\/v2\/types\/post"}],"author":[{"embeddable":true,"href":"https:\/\/www.staayfoodgroup.com\/de\/wp-json\/wp\/v2\/users\/3"}],"replies":[{"embeddable":true,"href":"https:\/\/www.staayfoodgroup.com\/de\/wp-json\/wp\/v2\/comments?post=9663"}],"version-history":[{"count":0,"href":"https:\/\/www.staayfoodgroup.com\/de\/wp-json\/wp\/v2\/posts\/9663\/revisions"}],"wp:attachment":[{"href":"https:\/\/www.staayfoodgroup.com\/de\/wp-json\/wp\/v2\/media?parent=9663"}],"wp:term":[{"taxonomy":"category","embeddable":true,"href":"https:\/\/www.staayfoodgroup.com\/de\/wp-json\/wp\/v2\/categories?post=9663"},{"taxonomy":"post_tag","embeddable":true,"href":"https:\/\/www.staayfoodgroup.com\/de\/wp-json\/wp\/v2\/tags?post=9663"}],"curies":[{"name":"wp","href":"https:\/\/api.w.org\/{rel}","templated":true}]}}