{"id":11945,"date":"2024-08-21T10:31:13","date_gmt":"2024-08-21T09:31:13","guid":{"rendered":"https:\/\/www.staayfoodgroup.com\/i-primi-meloni-brasiliani-sono-stati-caricati\/"},"modified":"2024-08-27T14:53:18","modified_gmt":"2024-08-27T13:53:18","slug":"i-primi-meloni-brasiliani-sono-stati-caricati","status":"publish","type":"post","link":"https:\/\/www.staayfoodgroup.com\/it\/i-primi-meloni-brasiliani-sono-stati-caricati\/","title":{"rendered":"I primi meloni brasiliani sono stati caricati"},"content":{"rendered":"<p>La scorsa settimana (33), in Brasile sono stati caricati i primi container con i nostri meloni DULCE. La nostra nuova stagione inizia nella settimana 36 con meloni Galia, meloni gialli e angurie. Dopo breve tempo seguiranno i meloni Cantalupo e Piel de Sapo. Oltre che con il noto marchio DULCE, i meloni saranno disponibili anche con il nostro marchio NERO Premium.<\/p>\n<p>Recentemente, la nostra azienda agricola partner consolidata nella regione di Mossoro (Rio Grande del Norte), nella parte nord-orientale del Brasile, ha goduto di condizioni climatiche molto favorevoli. Di conseguenza, i meloni che vengono spediti adesso sono di qualit\u00e0 eccellente. Inoltre, il controllo rigoroso attuato durante la selezione e il confezionamento garantir\u00e0 questo livello di qualit\u00e0 per tutta la stagione, fino alla settimana 8. A seguire, entreranno in azione i colleghi della nostra filiale in Costa Rica per garantire l&#8217;approvvigionamento fino alla settimana 17 circa.<\/p>\n<p>Durante tutto l&#8217;anno, Staay Food Group assicura una fornitura diretta dal sito di coltivazione all&#8217;acquirente. Inoltre, la continuit\u00e0 \u00e8 garantita dalla stretta collaborazione con diverse societ\u00e0 di spedizione via mare e aziende di trasporto. I meloni sono disponibili a prezzi giornalieri, settimanali e contrattuali. \u00c8 possibile richiedere anche confezioni personalizzate; ad esempio, oltre che in monopallet, possiamo consegnare i meloni in pallet misti. Oltre alle confezioni con i nostri marchi DULCE e NERO Premium, su richiesta sono disponibili altre opzioni.<\/p>\n<p>&nbsp;<\/p>\n","protected":false},"excerpt":{"rendered":"La scorsa settimana (33), in Brasile sono stati caricati i primi container con i nostri meloni DULCE. La nostra nuova stagione inizia nella settimana 36 con meloni Galia, meloni gialli e angurie. Dopo breve tempo seguiranno i meloni Cantalupo e Piel de Sapo. Oltre che con il noto marchio DULCE, i meloni saranno disponibili anche [&hellip;]","protected":false},"author":3,"featured_media":0,"comment_status":"closed","ping_status":"closed","sticky":false,"template":"","format":"standard","meta":{"_acf_changed":false,"inline_featured_image":false,"footnotes":""},"categories":[171,63,170],"tags":[439],"class_list":["post-11945","post","type-post","status-publish","format-standard","hentry","category-ingrosso","category-non-categorizzato","category-ristorazione","tag-melone"],"acf":[],"yoast_head":"<!-- This site is optimized with the Yoast SEO plugin v27.5 - https:\/\/yoast.com\/product\/yoast-seo-wordpress\/ -->\n<title>I primi meloni brasiliani sono stati caricati - Staay Food Group<\/title>\n<meta name=\"robots\" content=\"index, follow, max-snippet:-1, max-image-preview:large, max-video-preview:-1\" \/>\n<link rel=\"canonical\" href=\"https:\/\/www.staayfoodgroup.com\/it\/i-primi-meloni-brasiliani-sono-stati-caricati\/\" \/>\n<meta property=\"og:locale\" content=\"it_IT\" \/>\n<meta property=\"og:type\" content=\"article\" \/>\n<meta property=\"og:title\" content=\"I primi meloni brasiliani sono stati caricati - Staay Food Group\" \/>\n<meta property=\"og:description\" content=\"La scorsa settimana (33), in Brasile sono stati caricati i primi container con i nostri meloni DULCE. La nostra nuova stagione inizia nella settimana 36 con meloni Galia, meloni gialli e angurie. Dopo breve tempo seguiranno i meloni Cantalupo e Piel de Sapo. Oltre che con il noto marchio DULCE, i meloni saranno disponibili anche [&hellip;]\" \/>\n<meta property=\"og:url\" content=\"https:\/\/www.staayfoodgroup.com\/it\/i-primi-meloni-brasiliani-sono-stati-caricati\/\" \/>\n<meta property=\"og:site_name\" content=\"Staay Food Group\" \/>\n<meta property=\"article:published_time\" content=\"2024-08-21T09:31:13+00:00\" \/>\n<meta property=\"article:modified_time\" content=\"2024-08-27T13:53:18+00:00\" \/>\n<meta name=\"author\" content=\"Mark Loojenga\" \/>\n<meta name=\"twitter:card\" content=\"summary_large_image\" \/>\n<meta name=\"twitter:label1\" content=\"Written by\" \/>\n\t<meta name=\"twitter:data1\" content=\"Mark Loojenga\" \/>\n\t<meta name=\"twitter:label2\" content=\"Est. reading time\" \/>\n\t<meta name=\"twitter:data2\" content=\"1 minute\" \/>\n<script type=\"application\/ld+json\" class=\"yoast-schema-graph\">{\"@context\":\"https:\\\/\\\/schema.org\",\"@graph\":[{\"@type\":\"Article\",\"@id\":\"https:\\\/\\\/www.staayfoodgroup.com\\\/it\\\/i-primi-meloni-brasiliani-sono-stati-caricati\\\/#article\",\"isPartOf\":{\"@id\":\"https:\\\/\\\/www.staayfoodgroup.com\\\/it\\\/i-primi-meloni-brasiliani-sono-stati-caricati\\\/\"},\"author\":{\"name\":\"Mark Loojenga\",\"@id\":\"https:\\\/\\\/www.staayfoodgroup.com\\\/it\\\/#\\\/schema\\\/person\\\/9284a21ad7f562186665c045661d39c7\"},\"headline\":\"I primi meloni brasiliani sono stati caricati\",\"datePublished\":\"2024-08-21T09:31:13+00:00\",\"dateModified\":\"2024-08-27T13:53:18+00:00\",\"mainEntityOfPage\":{\"@id\":\"https:\\\/\\\/www.staayfoodgroup.com\\\/it\\\/i-primi-meloni-brasiliani-sono-stati-caricati\\\/\"},\"wordCount\":230,\"keywords\":[\"Melone\"],\"articleSection\":[\"Ingrosso\",\"Non categorizzato\",\"Ristorazione\"],\"inLanguage\":\"it-IT\"},{\"@type\":\"WebPage\",\"@id\":\"https:\\\/\\\/www.staayfoodgroup.com\\\/it\\\/i-primi-meloni-brasiliani-sono-stati-caricati\\\/\",\"url\":\"https:\\\/\\\/www.staayfoodgroup.com\\\/it\\\/i-primi-meloni-brasiliani-sono-stati-caricati\\\/\",\"name\":\"I primi meloni brasiliani sono stati caricati - Staay Food Group\",\"isPartOf\":{\"@id\":\"https:\\\/\\\/www.staayfoodgroup.com\\\/it\\\/#website\"},\"datePublished\":\"2024-08-21T09:31:13+00:00\",\"dateModified\":\"2024-08-27T13:53:18+00:00\",\"author\":{\"@id\":\"https:\\\/\\\/www.staayfoodgroup.com\\\/it\\\/#\\\/schema\\\/person\\\/9284a21ad7f562186665c045661d39c7\"},\"breadcrumb\":{\"@id\":\"https:\\\/\\\/www.staayfoodgroup.com\\\/it\\\/i-primi-meloni-brasiliani-sono-stati-caricati\\\/#breadcrumb\"},\"inLanguage\":\"it-IT\",\"potentialAction\":[{\"@type\":\"ReadAction\",\"target\":[\"https:\\\/\\\/www.staayfoodgroup.com\\\/it\\\/i-primi-meloni-brasiliani-sono-stati-caricati\\\/\"]}]},{\"@type\":\"BreadcrumbList\",\"@id\":\"https:\\\/\\\/www.staayfoodgroup.com\\\/it\\\/i-primi-meloni-brasiliani-sono-stati-caricati\\\/#breadcrumb\",\"itemListElement\":[{\"@type\":\"ListItem\",\"position\":1,\"name\":\"Home\",\"item\":\"https:\\\/\\\/www.staayfoodgroup.com\\\/it\\\/\"},{\"@type\":\"ListItem\",\"position\":2,\"name\":\"I primi meloni brasiliani sono stati caricati\"}]},{\"@type\":\"WebSite\",\"@id\":\"https:\\\/\\\/www.staayfoodgroup.com\\\/it\\\/#website\",\"url\":\"https:\\\/\\\/www.staayfoodgroup.com\\\/it\\\/\",\"name\":\"Staay Food Group\",\"description\":\"\",\"potentialAction\":[{\"@type\":\"SearchAction\",\"target\":{\"@type\":\"EntryPoint\",\"urlTemplate\":\"https:\\\/\\\/www.staayfoodgroup.com\\\/it\\\/?s={search_term_string}\"},\"query-input\":{\"@type\":\"PropertyValueSpecification\",\"valueRequired\":true,\"valueName\":\"search_term_string\"}}],\"inLanguage\":\"it-IT\"},{\"@type\":\"Person\",\"@id\":\"https:\\\/\\\/www.staayfoodgroup.com\\\/it\\\/#\\\/schema\\\/person\\\/9284a21ad7f562186665c045661d39c7\",\"name\":\"Mark Loojenga\",\"url\":\"https:\\\/\\\/www.staayfoodgroup.com\\\/it\\\/author\\\/mark-loojenga\\\/\"}]}<\/script>\n<!-- \/ Yoast SEO plugin. -->","yoast_head_json":{"title":"I primi meloni brasiliani sono stati caricati - Staay Food Group","robots":{"index":"index","follow":"follow","max-snippet":"max-snippet:-1","max-image-preview":"max-image-preview:large","max-video-preview":"max-video-preview:-1"},"canonical":"https:\/\/www.staayfoodgroup.com\/it\/i-primi-meloni-brasiliani-sono-stati-caricati\/","og_locale":"it_IT","og_type":"article","og_title":"I primi meloni brasiliani sono stati caricati - Staay Food Group","og_description":"La scorsa settimana (33), in Brasile sono stati caricati i primi container con i nostri meloni DULCE. La nostra nuova stagione inizia nella settimana 36 con meloni Galia, meloni gialli e angurie. Dopo breve tempo seguiranno i meloni Cantalupo e Piel de Sapo. Oltre che con il noto marchio DULCE, i meloni saranno disponibili anche [&hellip;]","og_url":"https:\/\/www.staayfoodgroup.com\/it\/i-primi-meloni-brasiliani-sono-stati-caricati\/","og_site_name":"Staay Food Group","article_published_time":"2024-08-21T09:31:13+00:00","article_modified_time":"2024-08-27T13:53:18+00:00","author":"Mark Loojenga","twitter_card":"summary_large_image","twitter_misc":{"Written by":"Mark Loojenga","Est. reading time":"1 minute"},"schema":{"@context":"https:\/\/schema.org","@graph":[{"@type":"Article","@id":"https:\/\/www.staayfoodgroup.com\/it\/i-primi-meloni-brasiliani-sono-stati-caricati\/#article","isPartOf":{"@id":"https:\/\/www.staayfoodgroup.com\/it\/i-primi-meloni-brasiliani-sono-stati-caricati\/"},"author":{"name":"Mark Loojenga","@id":"https:\/\/www.staayfoodgroup.com\/it\/#\/schema\/person\/9284a21ad7f562186665c045661d39c7"},"headline":"I primi meloni brasiliani sono stati caricati","datePublished":"2024-08-21T09:31:13+00:00","dateModified":"2024-08-27T13:53:18+00:00","mainEntityOfPage":{"@id":"https:\/\/www.staayfoodgroup.com\/it\/i-primi-meloni-brasiliani-sono-stati-caricati\/"},"wordCount":230,"keywords":["Melone"],"articleSection":["Ingrosso","Non categorizzato","Ristorazione"],"inLanguage":"it-IT"},{"@type":"WebPage","@id":"https:\/\/www.staayfoodgroup.com\/it\/i-primi-meloni-brasiliani-sono-stati-caricati\/","url":"https:\/\/www.staayfoodgroup.com\/it\/i-primi-meloni-brasiliani-sono-stati-caricati\/","name":"I primi meloni brasiliani sono stati caricati - Staay Food Group","isPartOf":{"@id":"https:\/\/www.staayfoodgroup.com\/it\/#website"},"datePublished":"2024-08-21T09:31:13+00:00","dateModified":"2024-08-27T13:53:18+00:00","author":{"@id":"https:\/\/www.staayfoodgroup.com\/it\/#\/schema\/person\/9284a21ad7f562186665c045661d39c7"},"breadcrumb":{"@id":"https:\/\/www.staayfoodgroup.com\/it\/i-primi-meloni-brasiliani-sono-stati-caricati\/#breadcrumb"},"inLanguage":"it-IT","potentialAction":[{"@type":"ReadAction","target":["https:\/\/www.staayfoodgroup.com\/it\/i-primi-meloni-brasiliani-sono-stati-caricati\/"]}]},{"@type":"BreadcrumbList","@id":"https:\/\/www.staayfoodgroup.com\/it\/i-primi-meloni-brasiliani-sono-stati-caricati\/#breadcrumb","itemListElement":[{"@type":"ListItem","position":1,"name":"Home","item":"https:\/\/www.staayfoodgroup.com\/it\/"},{"@type":"ListItem","position":2,"name":"I primi meloni brasiliani sono stati caricati"}]},{"@type":"WebSite","@id":"https:\/\/www.staayfoodgroup.com\/it\/#website","url":"https:\/\/www.staayfoodgroup.com\/it\/","name":"Staay Food Group","description":"","potentialAction":[{"@type":"SearchAction","target":{"@type":"EntryPoint","urlTemplate":"https:\/\/www.staayfoodgroup.com\/it\/?s={search_term_string}"},"query-input":{"@type":"PropertyValueSpecification","valueRequired":true,"valueName":"search_term_string"}}],"inLanguage":"it-IT"},{"@type":"Person","@id":"https:\/\/www.staayfoodgroup.com\/it\/#\/schema\/person\/9284a21ad7f562186665c045661d39c7","name":"Mark Loojenga","url":"https:\/\/www.staayfoodgroup.com\/it\/author\/mark-loojenga\/"}]}},"_links":{"self":[{"href":"https:\/\/www.staayfoodgroup.com\/it\/wp-json\/wp\/v2\/posts\/11945","targetHints":{"allow":["GET"]}}],"collection":[{"href":"https:\/\/www.staayfoodgroup.com\/it\/wp-json\/wp\/v2\/posts"}],"about":[{"href":"https:\/\/www.staayfoodgroup.com\/it\/wp-json\/wp\/v2\/types\/post"}],"author":[{"embeddable":true,"href":"https:\/\/www.staayfoodgroup.com\/it\/wp-json\/wp\/v2\/users\/3"}],"replies":[{"embeddable":true,"href":"https:\/\/www.staayfoodgroup.com\/it\/wp-json\/wp\/v2\/comments?post=11945"}],"version-history":[{"count":1,"href":"https:\/\/www.staayfoodgroup.com\/it\/wp-json\/wp\/v2\/posts\/11945\/revisions"}],"predecessor-version":[{"id":11958,"href":"https:\/\/www.staayfoodgroup.com\/it\/wp-json\/wp\/v2\/posts\/11945\/revisions\/11958"}],"wp:attachment":[{"href":"https:\/\/www.staayfoodgroup.com\/it\/wp-json\/wp\/v2\/media?parent=11945"}],"wp:term":[{"taxonomy":"category","embeddable":true,"href":"https:\/\/www.staayfoodgroup.com\/it\/wp-json\/wp\/v2\/categories?post=11945"},{"taxonomy":"post_tag","embeddable":true,"href":"https:\/\/www.staayfoodgroup.com\/it\/wp-json\/wp\/v2\/tags?post=11945"}],"curies":[{"name":"wp","href":"https:\/\/api.w.org\/{rel}","templated":true}]}}