{"id":9813,"date":"2024-03-13T10:59:49","date_gmt":"2024-03-13T09:59:49","guid":{"rendered":"https:\/\/www.staayfoodgroup.com\/riunione-dei-coltivatori-2024\/"},"modified":"2024-03-13T10:59:49","modified_gmt":"2024-03-13T09:59:49","slug":"riunione-dei-coltivatori-2024","status":"publish","type":"post","link":"https:\/\/www.staayfoodgroup.com\/it\/riunione-dei-coltivatori-2024\/","title":{"rendered":"Riunione dei coltivatori 2024"},"content":{"rendered":"<p>Lo scorso venerd\u00ec 8 marzo, Staay Venlo ha organizzato la riunione annuale dei coltivatori per i contatti gi\u00e0 esistenti e i coltivatori potenzialmente interessati. La riunione ha offerto l&#8217;opportunit\u00e0 di scambiare punti di vista e condividere esperienze; inoltre, i partecipanti sono stati aggiornati sugli sviluppi recenti riguardanti Staay. Una novit\u00e0 di quest&#8217;anno \u00e8 stata la presentazione tenuta da un fornitore (Koppert Cress) e da un cliente (Maier GmbH) di Staay.<\/p>\n<p>Michiel Geraedts, direttore della filiale di Venlo e dal gennaio scorso anche membro del consiglio di amministrazione del Gruppo Staay Food, ha aperto la riunione alle 15.00 con una visita della sede di Venlo. La visita ha interessato non solo gli uffici ma anche il magazzino e il Cash &amp; Carry. I partecipanti hanno dunque potuto ammirare l&#8217;ampio assortimento disponibile. Inoltre, hanno osservato con quanta abilit\u00e0 e rapidit\u00e0 gli addetti al picking completano gli ordini e assemblano i pallet misti.<\/p>\n<p>Come l&#8217;anno scorso, anche quest&#8217;anno si \u00e8 registrato un notevole interesse da parte di coltivatori e fornitori. Circa 130 partecipanti si sono registrati per l&#8217;evento. Al termine della visita, alle 17.00 i partecipanti si sono riuniti in modo informale presso il ristorante Graef ter Horst. Mentre gustavano uno spuntino, sono stati aggiornati da Michiel sugli ultimi sviluppi e sulle ambizioni del Gruppo Staay Food: &#8220;Intendiamo accorciare per quanto possibile le filiere e ci impegniamo ad espandere la nostra rete di coltivatori.&#8221; \u00c8 stato poi analizzato un business case per ispirare e stimolare i partecipanti a collaborare pi\u00f9 strettamente tra loro. Poich\u00e9 &#8220;lavorare a stretto contatto pu\u00f2 portare a un aumento significativo delle vendite&#8221;, ha dichiarato Michiel.<\/p>\n","protected":false},"excerpt":{"rendered":"Lo scorso venerd\u00ec 8 marzo, Staay Venlo ha organizzato la riunione annuale dei coltivatori per i contatti gi\u00e0 esistenti e i coltivatori potenzialmente interessati. La riunione ha offerto l&#8217;opportunit\u00e0 di scambiare punti di vista e condividere esperienze; inoltre, i partecipanti sono stati aggiornati sugli sviluppi recenti riguardanti Staay. Una novit\u00e0 di quest&#8217;anno \u00e8 stata la [&hellip;]","protected":false},"author":3,"featured_media":0,"comment_status":"open","ping_status":"open","sticky":false,"template":"","format":"standard","meta":{"_acf_changed":false,"inline_featured_image":false,"footnotes":""},"categories":[328,171,63,337,170],"tags":[],"class_list":["post-9813","post","type-post","status-publish","format-standard","hentry","category-industria-it","category-ingrosso","category-non-categorizzato","category-quality-it","category-ristorazione"],"acf":[],"yoast_head":"<!-- This site is optimized with the Yoast SEO plugin v27.5 - https:\/\/yoast.com\/product\/yoast-seo-wordpress\/ -->\n<title>Riunione dei coltivatori 2024 - Staay Food Group<\/title>\n<meta name=\"description\" content=\"Lo scorso venerd\u00ec 8 marzo, Staay Venlo ha organizzato la riunione annuale dei coltivatori per i contatti gi\u00e0 esistenti e i coltivatori potenzialmente interessati.\" \/>\n<meta name=\"robots\" content=\"index, follow, max-snippet:-1, max-image-preview:large, max-video-preview:-1\" \/>\n<link rel=\"canonical\" href=\"https:\/\/www.staayfoodgroup.com\/it\/riunione-dei-coltivatori-2024\/\" \/>\n<meta property=\"og:locale\" content=\"it_IT\" \/>\n<meta property=\"og:type\" content=\"article\" \/>\n<meta property=\"og:title\" content=\"Riunione dei coltivatori 2024 - Staay Food Group\" \/>\n<meta property=\"og:description\" content=\"Lo scorso venerd\u00ec 8 marzo, Staay Venlo ha organizzato la riunione annuale dei coltivatori per i contatti gi\u00e0 esistenti e i coltivatori potenzialmente interessati.\" \/>\n<meta property=\"og:url\" content=\"https:\/\/www.staayfoodgroup.com\/it\/riunione-dei-coltivatori-2024\/\" \/>\n<meta property=\"og:site_name\" content=\"Staay Food Group\" \/>\n<meta property=\"article:published_time\" content=\"2024-03-13T09:59:49+00:00\" \/>\n<meta name=\"author\" content=\"Mark Loojenga\" \/>\n<meta name=\"twitter:card\" content=\"summary_large_image\" \/>\n<meta name=\"twitter:label1\" content=\"Written by\" \/>\n\t<meta name=\"twitter:data1\" content=\"Mark Loojenga\" \/>\n\t<meta name=\"twitter:label2\" content=\"Est. reading time\" \/>\n\t<meta name=\"twitter:data2\" content=\"1 minute\" \/>\n<script type=\"application\/ld+json\" class=\"yoast-schema-graph\">{\"@context\":\"https:\\\/\\\/schema.org\",\"@graph\":[{\"@type\":\"Article\",\"@id\":\"https:\\\/\\\/www.staayfoodgroup.com\\\/it\\\/riunione-dei-coltivatori-2024\\\/#article\",\"isPartOf\":{\"@id\":\"https:\\\/\\\/www.staayfoodgroup.com\\\/it\\\/riunione-dei-coltivatori-2024\\\/\"},\"author\":{\"name\":\"Mark Loojenga\",\"@id\":\"https:\\\/\\\/www.staayfoodgroup.com\\\/it\\\/#\\\/schema\\\/person\\\/9284a21ad7f562186665c045661d39c7\"},\"headline\":\"Riunione dei coltivatori 2024\",\"datePublished\":\"2024-03-13T09:59:49+00:00\",\"mainEntityOfPage\":{\"@id\":\"https:\\\/\\\/www.staayfoodgroup.com\\\/it\\\/riunione-dei-coltivatori-2024\\\/\"},\"wordCount\":268,\"commentCount\":0,\"articleSection\":[\"Industria\",\"Ingrosso\",\"Non categorizzato\",\"Quality\",\"Ristorazione\"],\"inLanguage\":\"it-IT\",\"potentialAction\":[{\"@type\":\"CommentAction\",\"name\":\"Comment\",\"target\":[\"https:\\\/\\\/www.staayfoodgroup.com\\\/it\\\/riunione-dei-coltivatori-2024\\\/#respond\"]}]},{\"@type\":\"WebPage\",\"@id\":\"https:\\\/\\\/www.staayfoodgroup.com\\\/it\\\/riunione-dei-coltivatori-2024\\\/\",\"url\":\"https:\\\/\\\/www.staayfoodgroup.com\\\/it\\\/riunione-dei-coltivatori-2024\\\/\",\"name\":\"Riunione dei coltivatori 2024 - Staay Food Group\",\"isPartOf\":{\"@id\":\"https:\\\/\\\/www.staayfoodgroup.com\\\/it\\\/#website\"},\"datePublished\":\"2024-03-13T09:59:49+00:00\",\"author\":{\"@id\":\"https:\\\/\\\/www.staayfoodgroup.com\\\/it\\\/#\\\/schema\\\/person\\\/9284a21ad7f562186665c045661d39c7\"},\"description\":\"Lo scorso venerd\u00ec 8 marzo, Staay Venlo ha organizzato la riunione annuale dei coltivatori per i contatti gi\u00e0 esistenti e i coltivatori potenzialmente interessati.\",\"breadcrumb\":{\"@id\":\"https:\\\/\\\/www.staayfoodgroup.com\\\/it\\\/riunione-dei-coltivatori-2024\\\/#breadcrumb\"},\"inLanguage\":\"it-IT\",\"potentialAction\":[{\"@type\":\"ReadAction\",\"target\":[\"https:\\\/\\\/www.staayfoodgroup.com\\\/it\\\/riunione-dei-coltivatori-2024\\\/\"]}]},{\"@type\":\"BreadcrumbList\",\"@id\":\"https:\\\/\\\/www.staayfoodgroup.com\\\/it\\\/riunione-dei-coltivatori-2024\\\/#breadcrumb\",\"itemListElement\":[{\"@type\":\"ListItem\",\"position\":1,\"name\":\"Home\",\"item\":\"https:\\\/\\\/www.staayfoodgroup.com\\\/it\\\/\"},{\"@type\":\"ListItem\",\"position\":2,\"name\":\"Riunione dei coltivatori 2024\"}]},{\"@type\":\"WebSite\",\"@id\":\"https:\\\/\\\/www.staayfoodgroup.com\\\/it\\\/#website\",\"url\":\"https:\\\/\\\/www.staayfoodgroup.com\\\/it\\\/\",\"name\":\"Staay Food Group\",\"description\":\"\",\"potentialAction\":[{\"@type\":\"SearchAction\",\"target\":{\"@type\":\"EntryPoint\",\"urlTemplate\":\"https:\\\/\\\/www.staayfoodgroup.com\\\/it\\\/?s={search_term_string}\"},\"query-input\":{\"@type\":\"PropertyValueSpecification\",\"valueRequired\":true,\"valueName\":\"search_term_string\"}}],\"inLanguage\":\"it-IT\"},{\"@type\":\"Person\",\"@id\":\"https:\\\/\\\/www.staayfoodgroup.com\\\/it\\\/#\\\/schema\\\/person\\\/9284a21ad7f562186665c045661d39c7\",\"name\":\"Mark Loojenga\",\"url\":\"https:\\\/\\\/www.staayfoodgroup.com\\\/it\\\/author\\\/mark-loojenga\\\/\"}]}<\/script>\n<!-- \/ Yoast SEO plugin. -->","yoast_head_json":{"title":"Riunione dei coltivatori 2024 - Staay Food Group","description":"Lo scorso venerd\u00ec 8 marzo, Staay Venlo ha organizzato la riunione annuale dei coltivatori per i contatti gi\u00e0 esistenti e i coltivatori potenzialmente interessati.","robots":{"index":"index","follow":"follow","max-snippet":"max-snippet:-1","max-image-preview":"max-image-preview:large","max-video-preview":"max-video-preview:-1"},"canonical":"https:\/\/www.staayfoodgroup.com\/it\/riunione-dei-coltivatori-2024\/","og_locale":"it_IT","og_type":"article","og_title":"Riunione dei coltivatori 2024 - Staay Food Group","og_description":"Lo scorso venerd\u00ec 8 marzo, Staay Venlo ha organizzato la riunione annuale dei coltivatori per i contatti gi\u00e0 esistenti e i coltivatori potenzialmente interessati.","og_url":"https:\/\/www.staayfoodgroup.com\/it\/riunione-dei-coltivatori-2024\/","og_site_name":"Staay Food Group","article_published_time":"2024-03-13T09:59:49+00:00","author":"Mark Loojenga","twitter_card":"summary_large_image","twitter_misc":{"Written by":"Mark Loojenga","Est. reading time":"1 minute"},"schema":{"@context":"https:\/\/schema.org","@graph":[{"@type":"Article","@id":"https:\/\/www.staayfoodgroup.com\/it\/riunione-dei-coltivatori-2024\/#article","isPartOf":{"@id":"https:\/\/www.staayfoodgroup.com\/it\/riunione-dei-coltivatori-2024\/"},"author":{"name":"Mark Loojenga","@id":"https:\/\/www.staayfoodgroup.com\/it\/#\/schema\/person\/9284a21ad7f562186665c045661d39c7"},"headline":"Riunione dei coltivatori 2024","datePublished":"2024-03-13T09:59:49+00:00","mainEntityOfPage":{"@id":"https:\/\/www.staayfoodgroup.com\/it\/riunione-dei-coltivatori-2024\/"},"wordCount":268,"commentCount":0,"articleSection":["Industria","Ingrosso","Non categorizzato","Quality","Ristorazione"],"inLanguage":"it-IT","potentialAction":[{"@type":"CommentAction","name":"Comment","target":["https:\/\/www.staayfoodgroup.com\/it\/riunione-dei-coltivatori-2024\/#respond"]}]},{"@type":"WebPage","@id":"https:\/\/www.staayfoodgroup.com\/it\/riunione-dei-coltivatori-2024\/","url":"https:\/\/www.staayfoodgroup.com\/it\/riunione-dei-coltivatori-2024\/","name":"Riunione dei coltivatori 2024 - Staay Food Group","isPartOf":{"@id":"https:\/\/www.staayfoodgroup.com\/it\/#website"},"datePublished":"2024-03-13T09:59:49+00:00","author":{"@id":"https:\/\/www.staayfoodgroup.com\/it\/#\/schema\/person\/9284a21ad7f562186665c045661d39c7"},"description":"Lo scorso venerd\u00ec 8 marzo, Staay Venlo ha organizzato la riunione annuale dei coltivatori per i contatti gi\u00e0 esistenti e i coltivatori potenzialmente interessati.","breadcrumb":{"@id":"https:\/\/www.staayfoodgroup.com\/it\/riunione-dei-coltivatori-2024\/#breadcrumb"},"inLanguage":"it-IT","potentialAction":[{"@type":"ReadAction","target":["https:\/\/www.staayfoodgroup.com\/it\/riunione-dei-coltivatori-2024\/"]}]},{"@type":"BreadcrumbList","@id":"https:\/\/www.staayfoodgroup.com\/it\/riunione-dei-coltivatori-2024\/#breadcrumb","itemListElement":[{"@type":"ListItem","position":1,"name":"Home","item":"https:\/\/www.staayfoodgroup.com\/it\/"},{"@type":"ListItem","position":2,"name":"Riunione dei coltivatori 2024"}]},{"@type":"WebSite","@id":"https:\/\/www.staayfoodgroup.com\/it\/#website","url":"https:\/\/www.staayfoodgroup.com\/it\/","name":"Staay Food Group","description":"","potentialAction":[{"@type":"SearchAction","target":{"@type":"EntryPoint","urlTemplate":"https:\/\/www.staayfoodgroup.com\/it\/?s={search_term_string}"},"query-input":{"@type":"PropertyValueSpecification","valueRequired":true,"valueName":"search_term_string"}}],"inLanguage":"it-IT"},{"@type":"Person","@id":"https:\/\/www.staayfoodgroup.com\/it\/#\/schema\/person\/9284a21ad7f562186665c045661d39c7","name":"Mark Loojenga","url":"https:\/\/www.staayfoodgroup.com\/it\/author\/mark-loojenga\/"}]}},"_links":{"self":[{"href":"https:\/\/www.staayfoodgroup.com\/it\/wp-json\/wp\/v2\/posts\/9813","targetHints":{"allow":["GET"]}}],"collection":[{"href":"https:\/\/www.staayfoodgroup.com\/it\/wp-json\/wp\/v2\/posts"}],"about":[{"href":"https:\/\/www.staayfoodgroup.com\/it\/wp-json\/wp\/v2\/types\/post"}],"author":[{"embeddable":true,"href":"https:\/\/www.staayfoodgroup.com\/it\/wp-json\/wp\/v2\/users\/3"}],"replies":[{"embeddable":true,"href":"https:\/\/www.staayfoodgroup.com\/it\/wp-json\/wp\/v2\/comments?post=9813"}],"version-history":[{"count":0,"href":"https:\/\/www.staayfoodgroup.com\/it\/wp-json\/wp\/v2\/posts\/9813\/revisions"}],"wp:attachment":[{"href":"https:\/\/www.staayfoodgroup.com\/it\/wp-json\/wp\/v2\/media?parent=9813"}],"wp:term":[{"taxonomy":"category","embeddable":true,"href":"https:\/\/www.staayfoodgroup.com\/it\/wp-json\/wp\/v2\/categories?post=9813"},{"taxonomy":"post_tag","embeddable":true,"href":"https:\/\/www.staayfoodgroup.com\/it\/wp-json\/wp\/v2\/tags?post=9813"}],"curies":[{"name":"wp","href":"https:\/\/api.w.org\/{rel}","templated":true}]}}