{"id":15856,"date":"2026-09-03T11:05:32","date_gmt":"2026-09-03T10:05:32","guid":{"rendered":"https:\/\/www.staayfoodgroup.com\/badz-z-nami-na-targach-fruit-attraction-2026-w-madrycie\/"},"modified":"2026-09-03T11:05:32","modified_gmt":"2026-09-03T10:05:32","slug":"badz-z-nami-na-targach-fruit-attraction-2026-w-madrycie","status":"publish","type":"post","link":"https:\/\/www.staayfoodgroup.com\/pl\/badz-z-nami-na-targach-fruit-attraction-2026-w-madrycie\/","title":{"rendered":"B\u0105d\u017a z nami na targach Fruit Attraction 2026 w Madrycie"},"content":{"rendered":"<p>W dniach od 6 do 8 pa\u017adziernika 2026 r. firma Staay Food Group b\u0119dzie obecna na targach Fruit Attraction w Madrycie. Serdecznie zapraszamy do odwiedzenia naszego stoiska C02 w hali 6. <\/p>\n<p>Pod has\u0142em \u201eThe World is Our Garden\u201d pokazujemy, w jaki spos\u00f3b dzi\u0119ki w\u0142asnej uprawie oraz sta\u0142ym partnerom uprawnym na ca\u0142ym \u015bwiecie oferujemy niezawodny, ca\u0142oroczny asortyment dla handlu detalicznego, gastronomii i hurtowni. Podczas targ\u00f3w skupiamy si\u0119 przede wszystkim na melonach, owocach twardych oraz odmianach sa\u0142aty uprawianej hydroponicznie. <\/p>\n<p>W segmencie melon\u00f3w prezentujemy nasz\u0105 ofert\u0119 z Hiszpanii, Brazylii i Kostaryki. Nowo\u015bci\u0105 w aktualnym asortymencie z Brazylii jest <a href=\"https:\/\/www.staayfoodgroup.com\/pl\/rozpoczecie-sezonu-na-brazylijskie-melony\/\">melon Charantais<\/a>. <\/p>\n<p>W centrum uwagi znajduje si\u0119 r\u00f3wnie\u017c nowy <a href=\"https:\/\/www.staayfoodgroup.com\/pl\/poczatek-sezonu-owocow-twardych-2026\/\">sezon owoc\u00f3w twardych<\/a>, z nowymi zbiorami z w\u0142asnych upraw oraz naszymi odmianami gruszek <a href=\"https:\/\/www.earlydesire.nl\/\">Early Desire\u00ae<\/a>, <a href=\"https:\/\/www.dazzlinggold.eu\/\">Dazzling Gold\u00ae<\/a> i <a href=\"https:\/\/www.redconference.nl\/\">Red Conference\u00ae.<\/a><\/p>\n<p>Ponadto prezentujemy najnowsz\u0105 pozycj\u0119 w naszej ofercie produkt\u00f3w do uprawy hydroponicznej: <a href=\"https:\/\/www.staayfoodgroup.com\/pl\/salata-lodowa-lisciowa\/\">sa\u0142at\u0119 lodow\u0105 li\u015bciast\u0105<\/a>. Ta innowacja zapewnia detalistom niezawodn\u0105, ca\u0142oroczn\u0105 alternatyw\u0119 z uprawy szklarniowej dla tradycyjnej sa\u0142aty lodowej uprawianej na wolnym powietrzu, kt\u00f3rej dost\u0119pno\u015b\u0107 coraz cz\u0119\u015bciej jest ograniczana przez warunki pogodowe. <\/p>\n<p>Z niecierpliwo\u015bci\u0105 czekamy na spotkanie z Pa\u0144stwem w Madrycie, aby wsp\u00f3lnie om\u00f3wi\u0107 mo\u017cliwo\u015bci zwi\u0105zane z siln\u0105 mi\u0119dzynarodow\u0105 sieci\u0105 bran\u017cy warzywno-owocowej.<\/p>\n<p><em>Witamy w Staay. \u015awiat jest naszym ogrodem. <\/em><\/p>\n","protected":false},"excerpt":{"rendered":"W dniach od 6 do 8 pa\u017adziernika 2026 r. firma Staay Food Group b\u0119dzie obecna na targach Fruit Attraction w Madrycie. Serdecznie zapraszamy do odwiedzenia naszego stoiska C02 w hali 6. Pod has\u0142em \u201eThe World is Our Garden\u201d pokazujemy, w jaki spos\u00f3b dzi\u0119ki w\u0142asnej uprawie oraz sta\u0142ym partnerom uprawnym na ca\u0142ym \u015bwiecie oferujemy niezawodny, ca\u0142oroczny [&hellip;]","protected":false},"author":3,"featured_media":0,"comment_status":"closed","ping_status":"closed","sticky":false,"template":"","format":"standard","meta":{"_acf_changed":false,"inline_featured_image":false,"footnotes":""},"categories":[64,329,185,478,184],"tags":[],"class_list":["post-15856","post","type-post","status-publish","format-standard","hentry","category-bez-kategorii","category-przemysl","category-sprzedaz","category-detaliczny","category-uslugi-zaopatrywania-w-zywnosc"],"acf":[],"yoast_head":"<!-- This site is optimized with the Yoast SEO plugin v28.0 - https:\/\/yoast.com\/product\/yoast-seo-wordpress\/ -->\n<title>B\u0105d\u017a z nami na targach Fruit Attraction 2026 w Madrycie - Staay Food Group<\/title>\n<meta name=\"description\" content=\"W dniach od 6 do 8 pa\u017adziernika 2026 r. firma Staay Food Group b\u0119dzie obecna na targach Fruit Attraction w Madrycie. Serdecznie zapraszamy do odwiedzenia naszego stoiska C02 w hali 6.\" \/>\n<meta name=\"robots\" content=\"index, follow, max-snippet:-1, max-image-preview:large, max-video-preview:-1\" \/>\n<link rel=\"canonical\" href=\"https:\/\/www.staayfoodgroup.com\/pl\/badz-z-nami-na-targach-fruit-attraction-2026-w-madrycie\/\" \/>\n<meta property=\"og:locale\" content=\"pl_PL\" \/>\n<meta property=\"og:type\" content=\"article\" \/>\n<meta property=\"og:title\" content=\"B\u0105d\u017a z nami na targach Fruit Attraction 2026 w Madrycie - Staay Food Group\" \/>\n<meta property=\"og:description\" content=\"W dniach od 6 do 8 pa\u017adziernika 2026 r. firma Staay Food Group b\u0119dzie obecna na targach Fruit Attraction w Madrycie. Serdecznie zapraszamy do odwiedzenia naszego stoiska C02 w hali 6.\" \/>\n<meta property=\"og:url\" content=\"https:\/\/www.staayfoodgroup.com\/pl\/badz-z-nami-na-targach-fruit-attraction-2026-w-madrycie\/\" \/>\n<meta property=\"og:site_name\" content=\"Staay Food Group\" \/>\n<meta property=\"article:published_time\" content=\"2026-09-03T10:05:32+00:00\" \/>\n<meta name=\"author\" content=\"Mark Loojenga\" \/>\n<meta name=\"twitter:card\" content=\"summary_large_image\" \/>\n<meta name=\"twitter:label1\" content=\"Written by\" \/>\n\t<meta name=\"twitter:data1\" content=\"Mark Loojenga\" \/>\n\t<meta name=\"twitter:label2\" content=\"Est. reading time\" \/>\n\t<meta name=\"twitter:data2\" content=\"1 minute\" \/>\n<script type=\"application\/ld+json\" class=\"yoast-schema-graph\">{\"@context\":\"https:\\\/\\\/schema.org\",\"@graph\":[{\"@type\":\"Article\",\"@id\":\"https:\\\/\\\/www.staayfoodgroup.com\\\/pl\\\/badz-z-nami-na-targach-fruit-attraction-2026-w-madrycie\\\/#article\",\"isPartOf\":{\"@id\":\"https:\\\/\\\/www.staayfoodgroup.com\\\/pl\\\/badz-z-nami-na-targach-fruit-attraction-2026-w-madrycie\\\/\"},\"author\":{\"name\":\"Mark Loojenga\",\"@id\":\"https:\\\/\\\/www.staayfoodgroup.com\\\/pl\\\/#\\\/schema\\\/person\\\/9284a21ad7f562186665c045661d39c7\"},\"headline\":\"B\u0105d\u017a z nami na targach Fruit Attraction 2026 w Madrycie\",\"datePublished\":\"2026-09-03T10:05:32+00:00\",\"mainEntityOfPage\":{\"@id\":\"https:\\\/\\\/www.staayfoodgroup.com\\\/pl\\\/badz-z-nami-na-targach-fruit-attraction-2026-w-madrycie\\\/\"},\"wordCount\":231,\"articleSection\":[\"Bez kategorii\",\"Przemys\u0142\",\"Sprzeda\u017c\",\"sprzeda\u017c detaliczna\",\"Us\u0142ugi zaopatrywania w \u017cywno\u015b\u0107\"],\"inLanguage\":\"pl-PL\"},{\"@type\":\"WebPage\",\"@id\":\"https:\\\/\\\/www.staayfoodgroup.com\\\/pl\\\/badz-z-nami-na-targach-fruit-attraction-2026-w-madrycie\\\/\",\"url\":\"https:\\\/\\\/www.staayfoodgroup.com\\\/pl\\\/badz-z-nami-na-targach-fruit-attraction-2026-w-madrycie\\\/\",\"name\":\"B\u0105d\u017a z nami na targach Fruit Attraction 2026 w Madrycie - Staay Food Group\",\"isPartOf\":{\"@id\":\"https:\\\/\\\/www.staayfoodgroup.com\\\/pl\\\/#website\"},\"datePublished\":\"2026-09-03T10:05:32+00:00\",\"author\":{\"@id\":\"https:\\\/\\\/www.staayfoodgroup.com\\\/pl\\\/#\\\/schema\\\/person\\\/9284a21ad7f562186665c045661d39c7\"},\"description\":\"W dniach od 6 do 8 pa\u017adziernika 2026 r. firma Staay Food Group b\u0119dzie obecna na targach Fruit Attraction w Madrycie. Serdecznie zapraszamy do odwiedzenia naszego stoiska C02 w hali 6.\",\"breadcrumb\":{\"@id\":\"https:\\\/\\\/www.staayfoodgroup.com\\\/pl\\\/badz-z-nami-na-targach-fruit-attraction-2026-w-madrycie\\\/#breadcrumb\"},\"inLanguage\":\"pl-PL\",\"potentialAction\":[{\"@type\":\"ReadAction\",\"target\":[\"https:\\\/\\\/www.staayfoodgroup.com\\\/pl\\\/badz-z-nami-na-targach-fruit-attraction-2026-w-madrycie\\\/\"]}]},{\"@type\":\"BreadcrumbList\",\"@id\":\"https:\\\/\\\/www.staayfoodgroup.com\\\/pl\\\/badz-z-nami-na-targach-fruit-attraction-2026-w-madrycie\\\/#breadcrumb\",\"itemListElement\":[{\"@type\":\"ListItem\",\"position\":1,\"name\":\"Home\",\"item\":\"https:\\\/\\\/www.staayfoodgroup.com\\\/pl\\\/\"},{\"@type\":\"ListItem\",\"position\":2,\"name\":\"B\u0105d\u017a z nami na targach Fruit Attraction 2026 w Madrycie\"}]},{\"@type\":\"WebSite\",\"@id\":\"https:\\\/\\\/www.staayfoodgroup.com\\\/pl\\\/#website\",\"url\":\"https:\\\/\\\/www.staayfoodgroup.com\\\/pl\\\/\",\"name\":\"Staay Food Group\",\"description\":\"\",\"potentialAction\":[{\"@type\":\"SearchAction\",\"target\":{\"@type\":\"EntryPoint\",\"urlTemplate\":\"https:\\\/\\\/www.staayfoodgroup.com\\\/pl\\\/?s={search_term_string}\"},\"query-input\":{\"@type\":\"PropertyValueSpecification\",\"valueRequired\":true,\"valueName\":\"search_term_string\"}}],\"inLanguage\":\"pl-PL\"},{\"@type\":\"Person\",\"@id\":\"https:\\\/\\\/www.staayfoodgroup.com\\\/pl\\\/#\\\/schema\\\/person\\\/9284a21ad7f562186665c045661d39c7\",\"name\":\"Mark Loojenga\",\"url\":\"https:\\\/\\\/www.staayfoodgroup.com\\\/pl\\\/author\\\/mark-loojenga\\\/\"}]}<\/script>\n<!-- \/ Yoast SEO plugin. -->","yoast_head_json":{"title":"B\u0105d\u017a z nami na targach Fruit Attraction 2026 w Madrycie - Staay Food Group","description":"W dniach od 6 do 8 pa\u017adziernika 2026 r. firma Staay Food Group b\u0119dzie obecna na targach Fruit Attraction w Madrycie. Serdecznie zapraszamy do odwiedzenia naszego stoiska C02 w hali 6.","robots":{"index":"index","follow":"follow","max-snippet":"max-snippet:-1","max-image-preview":"max-image-preview:large","max-video-preview":"max-video-preview:-1"},"canonical":"https:\/\/www.staayfoodgroup.com\/pl\/badz-z-nami-na-targach-fruit-attraction-2026-w-madrycie\/","og_locale":"pl_PL","og_type":"article","og_title":"B\u0105d\u017a z nami na targach Fruit Attraction 2026 w Madrycie - Staay Food Group","og_description":"W dniach od 6 do 8 pa\u017adziernika 2026 r. firma Staay Food Group b\u0119dzie obecna na targach Fruit Attraction w Madrycie. Serdecznie zapraszamy do odwiedzenia naszego stoiska C02 w hali 6.","og_url":"https:\/\/www.staayfoodgroup.com\/pl\/badz-z-nami-na-targach-fruit-attraction-2026-w-madrycie\/","og_site_name":"Staay Food Group","article_published_time":"2026-09-03T10:05:32+00:00","author":"Mark Loojenga","twitter_card":"summary_large_image","twitter_misc":{"Written by":"Mark Loojenga","Est. reading time":"1 minute"},"schema":{"@context":"https:\/\/schema.org","@graph":[{"@type":"Article","@id":"https:\/\/www.staayfoodgroup.com\/pl\/badz-z-nami-na-targach-fruit-attraction-2026-w-madrycie\/#article","isPartOf":{"@id":"https:\/\/www.staayfoodgroup.com\/pl\/badz-z-nami-na-targach-fruit-attraction-2026-w-madrycie\/"},"author":{"name":"Mark Loojenga","@id":"https:\/\/www.staayfoodgroup.com\/pl\/#\/schema\/person\/9284a21ad7f562186665c045661d39c7"},"headline":"B\u0105d\u017a z nami na targach Fruit Attraction 2026 w Madrycie","datePublished":"2026-09-03T10:05:32+00:00","mainEntityOfPage":{"@id":"https:\/\/www.staayfoodgroup.com\/pl\/badz-z-nami-na-targach-fruit-attraction-2026-w-madrycie\/"},"wordCount":231,"articleSection":["Bez kategorii","Przemys\u0142","Sprzeda\u017c","sprzeda\u017c detaliczna","Us\u0142ugi zaopatrywania w \u017cywno\u015b\u0107"],"inLanguage":"pl-PL"},{"@type":"WebPage","@id":"https:\/\/www.staayfoodgroup.com\/pl\/badz-z-nami-na-targach-fruit-attraction-2026-w-madrycie\/","url":"https:\/\/www.staayfoodgroup.com\/pl\/badz-z-nami-na-targach-fruit-attraction-2026-w-madrycie\/","name":"B\u0105d\u017a z nami na targach Fruit Attraction 2026 w Madrycie - Staay Food Group","isPartOf":{"@id":"https:\/\/www.staayfoodgroup.com\/pl\/#website"},"datePublished":"2026-09-03T10:05:32+00:00","author":{"@id":"https:\/\/www.staayfoodgroup.com\/pl\/#\/schema\/person\/9284a21ad7f562186665c045661d39c7"},"description":"W dniach od 6 do 8 pa\u017adziernika 2026 r. firma Staay Food Group b\u0119dzie obecna na targach Fruit Attraction w Madrycie. Serdecznie zapraszamy do odwiedzenia naszego stoiska C02 w hali 6.","breadcrumb":{"@id":"https:\/\/www.staayfoodgroup.com\/pl\/badz-z-nami-na-targach-fruit-attraction-2026-w-madrycie\/#breadcrumb"},"inLanguage":"pl-PL","potentialAction":[{"@type":"ReadAction","target":["https:\/\/www.staayfoodgroup.com\/pl\/badz-z-nami-na-targach-fruit-attraction-2026-w-madrycie\/"]}]},{"@type":"BreadcrumbList","@id":"https:\/\/www.staayfoodgroup.com\/pl\/badz-z-nami-na-targach-fruit-attraction-2026-w-madrycie\/#breadcrumb","itemListElement":[{"@type":"ListItem","position":1,"name":"Home","item":"https:\/\/www.staayfoodgroup.com\/pl\/"},{"@type":"ListItem","position":2,"name":"B\u0105d\u017a z nami na targach Fruit Attraction 2026 w Madrycie"}]},{"@type":"WebSite","@id":"https:\/\/www.staayfoodgroup.com\/pl\/#website","url":"https:\/\/www.staayfoodgroup.com\/pl\/","name":"Staay Food Group","description":"","potentialAction":[{"@type":"SearchAction","target":{"@type":"EntryPoint","urlTemplate":"https:\/\/www.staayfoodgroup.com\/pl\/?s={search_term_string}"},"query-input":{"@type":"PropertyValueSpecification","valueRequired":true,"valueName":"search_term_string"}}],"inLanguage":"pl-PL"},{"@type":"Person","@id":"https:\/\/www.staayfoodgroup.com\/pl\/#\/schema\/person\/9284a21ad7f562186665c045661d39c7","name":"Mark Loojenga","url":"https:\/\/www.staayfoodgroup.com\/pl\/author\/mark-loojenga\/"}]}},"_links":{"self":[{"href":"https:\/\/www.staayfoodgroup.com\/pl\/wp-json\/wp\/v2\/posts\/15856","targetHints":{"allow":["GET"]}}],"collection":[{"href":"https:\/\/www.staayfoodgroup.com\/pl\/wp-json\/wp\/v2\/posts"}],"about":[{"href":"https:\/\/www.staayfoodgroup.com\/pl\/wp-json\/wp\/v2\/types\/post"}],"author":[{"embeddable":true,"href":"https:\/\/www.staayfoodgroup.com\/pl\/wp-json\/wp\/v2\/users\/3"}],"replies":[{"embeddable":true,"href":"https:\/\/www.staayfoodgroup.com\/pl\/wp-json\/wp\/v2\/comments?post=15856"}],"version-history":[{"count":0,"href":"https:\/\/www.staayfoodgroup.com\/pl\/wp-json\/wp\/v2\/posts\/15856\/revisions"}],"wp:attachment":[{"href":"https:\/\/www.staayfoodgroup.com\/pl\/wp-json\/wp\/v2\/media?parent=15856"}],"wp:term":[{"taxonomy":"category","embeddable":true,"href":"https:\/\/www.staayfoodgroup.com\/pl\/wp-json\/wp\/v2\/categories?post=15856"},{"taxonomy":"post_tag","embeddable":true,"href":"https:\/\/www.staayfoodgroup.com\/pl\/wp-json\/wp\/v2\/tags?post=15856"}],"curies":[{"name":"wp","href":"https:\/\/api.w.org\/{rel}","templated":true}]}}